{"id":359,"date":"2021-03-15T07:02:35","date_gmt":"2021-03-15T07:02:35","guid":{"rendered":"https:\/\/aa.academiagalega.org\/?p=359"},"modified":"2021-03-15T12:55:38","modified_gmt":"2021-03-15T12:55:38","slug":"o-bardo-na-bretema-talamo-e-tumulo","status":"publish","type":"post","link":"https:\/\/aa.academiagalega.org\/index.php\/2021\/03\/15\/o-bardo-na-bretema-talamo-e-tumulo\/","title":{"rendered":"O Bardo na Br\u00eatema : T\u00e1lamo e t\u00famulo"},"content":{"rendered":"<p style=\"text-align: justify\">\u00a0No ano 2000 entreguei ao Concelho de Ferrol uma obra para Orquestra de Cordas \u2500<em>T\u00e1lamo e t\u00famulo (Homenagem a Ricardo Carvalho Calero)<\/em>, de 34 minutos de dura\u00e7\u00e3o\u2500 que me fora encomendada pelo Concelheiro de Cultura Bonif\u00e1cio Borreiros para celebrar o d\u00e9cimo anivers\u00e1rio da morte do pol\u00edgrafo ferrol\u00e3o. Foi apresentada aos meios e anunciada a estreia mas, por uma trafulhice interna no seu partido pol\u00edtico, poucos dias depois foi substitu\u00eddo no cargo e os seus sucessores estenderam um manto de sil\u00eancio sobre todo o lavor cultural realizado por Bonif\u00e1cio Borreiros.<\/p>\n<figure id=\"attachment_361\" aria-describedby=\"caption-attachment-361\" style=\"width: 657px\" class=\"wp-caption aligncenter\"><img fetchpriority=\"high\" decoding=\"async\" class=\"wp-image-361 \" src=\"https:\/\/aa.academiagalega.org\/wp-content\/uploads\/2021\/03\/Borreiros-Musica_para_o_Mestre-Diario_de_Ferrol-24_Nov_2000-767x1024.jpg\" alt=\"\" width=\"657\" height=\"877\" \/><figcaption id=\"caption-attachment-361\" class=\"wp-caption-text\">Di\u00e1rio de Ferrol 24 de Novembro de 2000<\/figcaption><\/figure>\n<p style=\"text-align: justify\">Sei que Lu\u00eds Mera Naveiras praticou algumas dilig\u00eancias para resgatar a obra da gaveta do esquecimento, mas sem qualquer resultado positivo. N\u00e3o sei se o \u201ccontrovertido Carvalho Calero\u201d, como se menciona na coluna do Di\u00e1rio de Ferrol, teve algo a ver no conluio pol\u00edtico. O certo \u00e9 que esse foi o primeiro ano em que lhe foi negado o Dia das letras galegas ao ilustre Doutor, e assim durante vinte anos at\u00e9 acertar no ano mais calamitoso poss\u00edvel para simular que se honra ao infamado. S\u00e3o retic\u00eancias p\u00f3stumas de uma mente preclara \u201cporque talvez o sermos n\u00e3o \u00e9 sermos, \/ sen\u00e3o n\u00e3o querer sermos como somos, \/ e aquilo que n\u00e3o somos querer ser\u201d.<\/p>\n<p style=\"text-align: justify\"><em>T\u00e1lamo e t\u00famulo (Homenagem a Ricardo Carvalho Calero)<\/em> inspira-se em quatro poemas de <em>Retic\u00eancias.<\/em> \u2018Mulher de doce sal e neve mole\u2019 para o primeiro andamento; \u2018Aqui me t\u00eas, querida, esperando a Godot\u2019 para o segundo andamento; \u2018Ainda que vivim pouco, muito sonhei\u2019 para o terceiro; e o t\u00edtulo geral da obra \u00e9 o pen\u00faltimo verso de \u2018Uma coroa de violetas\u2019. No texto de Bonif\u00e1cio Borreiros a ordem dos andamentos est\u00e1 alterada. A obra saiu da gaveta para celebrar o que acabou sendo o n\u00e3o-Dia das letras galegas de 2020. Afinal, a estreia ser\u00e1 \u201crito nupcial ou funeral, \/ boda ou sep\u00e9lio. \/ T\u00e1lamo ou t\u00famulo de uma divindade \/ no verde prado o teu vulto fragrante.\u201d<\/p>\n<p>&nbsp;<\/p>\n<p style=\"text-align: justify;padding-left: 40px\"><strong>Ap\u00eandice:<\/strong><\/p>\n<blockquote>\n<p style=\"text-align: justify;padding-left: 40px\"><em><strong>M\u00fasica para o mestre <\/strong><\/em><\/p>\n<p style=\"text-align: justify;padding-left: 40px\"><em>Bonifacio Borreiros (*)<\/em><\/p>\n<p style=\"text-align: justify;padding-left: 40px\">Ricardo Carballo Calero (Ferrol 1910-Santiago 1990), estar\u00eda probablemente satisfeito si poidera comprobar c\u00f3mo, \u00a1por fin!, os seus poemas p\u00f3\u00f1ense en SOLFA. Gust\u00f3ume e interes\u00f3ume a comprensi\u00f3n intelectual que tivo o xoven m\u00fasico galego Rudesindo Soutelo cando lle encargo, dende a Conceller\u00eda de Cultura, unha obra musical sobre o controvertido Carballo Calero-Carvalho Calero, neste o seu \u201c90\u00ba Aniversario do nacemento e o 10\u00ba da s\u00faa morte\u201d. Non vacilei antes de resolverme a convidar a Rudesindo Soutelo (compositor e editor de m\u00fasica, Tui 1952), a compo\u00f1er e harmonizar sons para Carballo Calero; te\u00f1o que confesar que sendo \u00e9l un galeguista-lusista e eu un socialista-galeguista, temos iniciado unha relaci\u00f3n cultural-musical nada aprensiva. Foi totalmente aberta. Foi e \u00e9 tan local como universalista. Dentro deste panorama, concidiamos en dirixir a vista cara o seu poemario \u201cReticencias\u201d, libro p\u00f3stumo da s\u00faa morte o 25 de marzo de 1990. Creo que tan imbricada actitud \u00e9 un resaibo da situaci\u00f3n que viv\u00edu o pa\u00eds e espec\u00edficamente Carballo Calero e toda a s\u00faa xeraci\u00f3n \u00f3 longo dos anos de franquismo, n\u00f3s tam\u00e9n. Falo de xeraci\u00f3ns m\u00e1is x\u00f3venes. Digo Rudesindo Soutelo, eu mesmo e tantos homes e mulleres que viviron-sufriron a tendencia totalitaria daqueles que se alzaron contra a Rep\u00fablica, aqueles que \u201cintentaron configurar y orientar la cultura espa\u00f1ola entera hacia actitudes integristas reaccionarias\u201d..\u201cque bloqueaban toda manifestaci\u00f3n moderna\u201d, d\u00ed o escritor Francisco Ayala no su libro Palabras y Letras. Rudesindo Soutelo e a Conceller\u00eda de Cultura do Concello ofrecer\u00e1n \u00f3s galegos a partitura \u201cT\u00e1lamo e T\u00famulo. Homenaxe a Carvalho Calero\u201d, como unha visi\u00f3n introspectiva \u00e1 vida e obra do escritor ferrol\u00e1n, basada no seu mellor poemario segundo afirma Jos\u00e9-Martinho Santalha. \u201cA situa\u00e7i\u00f3m vital do autor, situado na doen\u00e7a, perante a perspectiva de um prov\u00e1vel fim pr\u00f3ximo, infunde unha forte autenticidade \u00e1 s\u00faa voz\u201d. \u201cOs temas da morte, do sentido da vida, do valor do passado, do mist\u00e9rio do al\u00e9m, est\u00e1n constantemente presentes, com un fumdo estoicismo mitigado por umha moderada esperanza\u201d. \u201cAqu\u00ed me tes querida \/esperando a Godot (&#8230;) \/Aqu\u00ed sobre esta ponte, \/vendo fluir o r\u00edo, \/\u00e1 intemp\u00e9rie, \/nom estar\u00e1s mui bem\u201d. Matizaci\u00f3n e precisi\u00f3n requerir\u00eda, para comenzar a falar do concepto da partitura. Si podo encontrarme e amosarlles o primeiro movemento \u201cAqu\u00ed me tes querida, esperando a Godot\u201d. Hai que ver a cantidade de achegamentos e signos que caben \u00e1 hora de traducir a palabra \u00f3 pentagrama!. O segundo e terceiro movemento, \u201cA\u00ednda que vivin pouco, muito so\u00f1ei\u201d e \u201cMuller de doce sal e neve mole\u201d rel\u00e9 o compositor con decisi\u00f3n -as\u00ed o imaxino- o tema po\u00e9tico da muller en Carballo. Noutra orde de cousas, no puramente hist\u00f3rico, \u00e9 interesante resaltar o compromiso desta Conceller\u00eda cos creadores galegos: Rudesindo Soutelo, como compositor, e os m\u00fasicos da Orquesta de C\u00e1mara de Galicia dirixida por Rogelio Groba Otero. A maneira de aproximarse a Carballo Calero \u00e1 traveso da m\u00fasica acadouse. Esperamos con impaciencia o estreo, a interpretaci\u00f3n e a sabedor\u00eda de facer m\u00fasica. O esp\u00edrito do poeta Carballo Calero.<\/p>\n<p style=\"text-align: justify;padding-left: 40px\">(*) Bonifacio Borreiros \u00e9 concelleiro de Cultura.<\/p>\n<p style=\"text-align: justify;padding-left: 40px\">(Publicado em Diario de Ferrol, Opini\u00f3n, 24 de novembro de 2000)<\/p>\n<\/blockquote>\n<p>&nbsp;<\/p>\n<p style=\"text-align: justify\">\n","protected":false},"excerpt":{"rendered":"<p>\u00a0No ano 2000 entreguei ao Concelho de Ferrol uma obra para Orquestra de Cordas \u2500T\u00e1lamo e t\u00famulo (Homenagem a Ricardo Carvalho Calero), de 34 minutos de dura\u00e7\u00e3o\u2500 que me fora encomendada pelo Concelheiro de Cultura Bonif\u00e1cio Borreiros para celebrar o d\u00e9cimo anivers\u00e1rio da morte do pol\u00edgrafo ferrol\u00e3o. Foi apresentada aos meios e anunciada a estreia mas, por uma trafulhice interna no seu partido pol\u00edtico, poucos dias depois foi substitu\u00eddo no cargo e os seus sucessores estenderam um manto de sil\u00eancio sobre todo o lavor cultural realizado por Bonif\u00e1cio Borreiros. Sei que Lu\u00eds Mera Naveiras praticou algumas dilig\u00eancias para resgatar a <\/p>\n","protected":false},"author":11,"featured_media":113,"comment_status":"open","ping_status":"closed","sticky":false,"template":"","format":"standard","meta":{"footnotes":""},"categories":[7],"tags":[79,20,27],"class_list":["post-359","post","type-post","status-publish","format-standard","has-post-thumbnail","hentry","category-vozes","tag-bonifacio-borreiros","tag-ricardo-carvalho-calero","tag-rudesindo-soutelo","has_thumb"],"_links":{"self":[{"href":"https:\/\/aa.academiagalega.org\/index.php\/wp-json\/wp\/v2\/posts\/359","targetHints":{"allow":["GET"]}}],"collection":[{"href":"https:\/\/aa.academiagalega.org\/index.php\/wp-json\/wp\/v2\/posts"}],"about":[{"href":"https:\/\/aa.academiagalega.org\/index.php\/wp-json\/wp\/v2\/types\/post"}],"author":[{"embeddable":true,"href":"https:\/\/aa.academiagalega.org\/index.php\/wp-json\/wp\/v2\/users\/11"}],"replies":[{"embeddable":true,"href":"https:\/\/aa.academiagalega.org\/index.php\/wp-json\/wp\/v2\/comments?post=359"}],"version-history":[{"count":5,"href":"https:\/\/aa.academiagalega.org\/index.php\/wp-json\/wp\/v2\/posts\/359\/revisions"}],"predecessor-version":[{"id":367,"href":"https:\/\/aa.academiagalega.org\/index.php\/wp-json\/wp\/v2\/posts\/359\/revisions\/367"}],"wp:featuredmedia":[{"embeddable":true,"href":"https:\/\/aa.academiagalega.org\/index.php\/wp-json\/wp\/v2\/media\/113"}],"wp:attachment":[{"href":"https:\/\/aa.academiagalega.org\/index.php\/wp-json\/wp\/v2\/media?parent=359"}],"wp:term":[{"taxonomy":"category","embeddable":true,"href":"https:\/\/aa.academiagalega.org\/index.php\/wp-json\/wp\/v2\/categories?post=359"},{"taxonomy":"post_tag","embeddable":true,"href":"https:\/\/aa.academiagalega.org\/index.php\/wp-json\/wp\/v2\/tags?post=359"}],"curies":[{"name":"wp","href":"https:\/\/api.w.org\/{rel}","templated":true}]}}