{"id":53,"date":"2020-10-27T14:59:29","date_gmt":"2020-10-27T14:59:29","guid":{"rendered":"https:\/\/aa.academiagalega.org\/?p=53"},"modified":"2020-10-31T13:28:12","modified_gmt":"2020-10-31T13:28:12","slug":"apresentacao","status":"publish","type":"post","link":"https:\/\/aa.academiagalega.org\/index.php\/2020\/10\/27\/apresentacao\/","title":{"rendered":"Apresenta\u00e7\u00e3o"},"content":{"rendered":"<p style=\"text-align: justify;\"><strong>Apontamentos Acad\u00e9micos<\/strong> \u00e9 uma iniciativa da <a href=\"https:\/\/www.academiagalega.org\/\">Academia Galega da L\u00edngua Portuguesa<\/a>. Tem a finalidade de criar um espa\u00e7o para a divulga\u00e7\u00e3o do conhecimento, a gera\u00e7\u00e3o e an\u00e1lise de discursos, o interc\u00e2mbio de conte\u00fados e de opini\u00f5es, e a publica\u00e7\u00e3o de an\u00e1lises conceituadas e fundamentadas sobre l\u00edngua e a cultura em geral, e sobre a Galiza em particular.<\/p>\n<p style=\"text-align: justify;\">Com um formato cuidado e um conte\u00fado seletivo, poder\u00e3o participar tanto membros numer\u00e1rios e correspondentes da AGLP, quanto pessoas pertencentes a outras institui\u00e7\u00f5es, al\u00e9m de particulares registados, sem necessidade de se ajustar exatamente aos t\u00edtulos predefinidos.<\/p>\n<p style=\"text-align: justify;\">Mais que a repeti\u00e7\u00e3o do j\u00e1 conhecido procura-se a inova\u00e7\u00e3o, sem descurar ou desamparar o nosso patrim\u00f3nio cultural, material e imaterial, mais recente ou mais long\u00ednquo e desconhecido, de que somos herdeiros e queremos ser continuadores, na melhor tradi\u00e7\u00e3o do galeguismo de come\u00e7os do s\u00e9culo XX.<\/p>\n<p style=\"text-align: justify;\">\u201cGaliza, c\u00e9lula de universalidade\u201d foi lema que uniu e inspirou uma gera\u00e7\u00e3o inteira de intelectuais. Essa tradi\u00e7\u00e3o, nesta altura da hist\u00f3ria, n\u00e3o pode deixar e inserir-se plenamente no espa\u00e7o lingu\u00edstico e cultural da lusofonia, referente inescus\u00e1vel para a constru\u00e7\u00e3o de uma Galiza vi\u00e1vel, em termos lingu\u00edsticos, e n\u00e3o s\u00f3. Assim, o instrumento de prefer\u00eancia para norma escrita \u00e9 a Norma Galega do Portugu\u00eas.<\/p>\n<p style=\"text-align: justify;\">Nem sempre uma opini\u00e3o ou uma reda\u00e7\u00e3o novas melhoram em eloqu\u00eancia e profundidade o que j\u00e1 foi dito por quem nos precederam. Porque fazemos parte da cultura europeia, felizmente h\u00e1 textos e autores de refer\u00eancia necess\u00e1rios para entender um tema ou uma pol\u00e9mica mais ou menos na moda, que pode parecer exclusiva e particular da nossa sociedade, e talvez seja mais geral e imemorial do que parece. Assim, as bibliografias fazem parte do nosso reposit\u00f3rio, da nossa bagagem necess\u00e1ria, mesmo para evitar a perda de refer\u00eancias e contribuir para a forma\u00e7\u00e3o de opini\u00f5es.<\/p>\n<p style=\"text-align: justify;\">No vasto mundo das publica\u00e7\u00f5es e p\u00e1ginas de opini\u00e3o existentes e acess\u00edveis na Internet, a modera\u00e7\u00e3o dos Apontamentos Acad\u00e9micos ter\u00e1 por finalidade reduzir o excesso de conte\u00fado irrelevante ou reiterativo e fomentar a reflex\u00e3o, orientando os temas e as prefer\u00eancias, bem \u00e0 atualidade mais urgente, bem aos lugares-comuns inevit\u00e1veis que definem a nossa exist\u00eancia como comunidade humana, como sociedade galega e como pessoas.<\/p>\n","protected":false},"excerpt":{"rendered":"<p>Apontamentos Acad\u00e9micos \u00e9 uma iniciativa da Academia Galega da L\u00edngua Portuguesa. Tem a finalidade de criar um espa\u00e7o para a divulga\u00e7\u00e3o do conhecimento, a gera\u00e7\u00e3o e an\u00e1lise de discursos, o interc\u00e2mbio de conte\u00fados e de opini\u00f5es, e a publica\u00e7\u00e3o de an\u00e1lises conceituadas e fundamentadas sobre l\u00edngua e a cultura em geral, e sobre a Galiza em particular. Com um formato cuidado e um conte\u00fado seletivo, poder\u00e3o participar tanto membros numer\u00e1rios e correspondentes da AGLP, quanto pessoas pertencentes a outras institui\u00e7\u00f5es, al\u00e9m de particulares registados, sem necessidade de se ajustar exatamente aos t\u00edtulos predefinidos. Mais que a repeti\u00e7\u00e3o do j\u00e1 conhecido <\/p>\n","protected":false},"author":2,"featured_media":39,"comment_status":"open","ping_status":"closed","sticky":false,"template":"","format":"standard","meta":{"footnotes":""},"categories":[9],"tags":[11,12,10],"class_list":["post-53","post","type-post","status-publish","format-standard","has-post-thumbnail","hentry","category-redacao","tag-aglp","tag-apontamentos-academicos","tag-apresentacao","has_thumb"],"_links":{"self":[{"href":"https:\/\/aa.academiagalega.org\/index.php\/wp-json\/wp\/v2\/posts\/53","targetHints":{"allow":["GET"]}}],"collection":[{"href":"https:\/\/aa.academiagalega.org\/index.php\/wp-json\/wp\/v2\/posts"}],"about":[{"href":"https:\/\/aa.academiagalega.org\/index.php\/wp-json\/wp\/v2\/types\/post"}],"author":[{"embeddable":true,"href":"https:\/\/aa.academiagalega.org\/index.php\/wp-json\/wp\/v2\/users\/2"}],"replies":[{"embeddable":true,"href":"https:\/\/aa.academiagalega.org\/index.php\/wp-json\/wp\/v2\/comments?post=53"}],"version-history":[{"count":6,"href":"https:\/\/aa.academiagalega.org\/index.php\/wp-json\/wp\/v2\/posts\/53\/revisions"}],"predecessor-version":[{"id":109,"href":"https:\/\/aa.academiagalega.org\/index.php\/wp-json\/wp\/v2\/posts\/53\/revisions\/109"}],"wp:featuredmedia":[{"embeddable":true,"href":"https:\/\/aa.academiagalega.org\/index.php\/wp-json\/wp\/v2\/media\/39"}],"wp:attachment":[{"href":"https:\/\/aa.academiagalega.org\/index.php\/wp-json\/wp\/v2\/media?parent=53"}],"wp:term":[{"taxonomy":"category","embeddable":true,"href":"https:\/\/aa.academiagalega.org\/index.php\/wp-json\/wp\/v2\/categories?post=53"},{"taxonomy":"post_tag","embeddable":true,"href":"https:\/\/aa.academiagalega.org\/index.php\/wp-json\/wp\/v2\/tags?post=53"}],"curies":[{"name":"wp","href":"https:\/\/api.w.org\/{rel}","templated":true}]}}